{"id":4131,"date":"2024-04-04T07:43:53","date_gmt":"2024-04-04T05:43:53","guid":{"rendered":"https:\/\/promusica.org.pl\/?page_id=4131"},"modified":"2025-03-15T17:06:11","modified_gmt":"2025-03-15T16:06:11","slug":"vi-miedzynarodowy-konkurs-instrumentow-detych-finalis-2024","status":"publish","type":"post","link":"https:\/\/promusica.org.pl\/en\/vi-miedzynarodowy-konkurs-instrumentow-detych-finalis-2024\/","title":{"rendered":"VI International Competition for Wind Instruments FINALIS 2024"},"content":{"rendered":"<p><\/p>\n<h1 style=\"text-align: center;\"><span style=\"color: #0000ff;\">VI International Competition for Wind Instruments FINALIS 2024<\/span><\/h1>\n<h4 style=\"text-align: center;\"><img loading=\"lazy\" decoding=\"async\" class=\"size-large wp-image-4389 aligncenter\" src=\"https:\/\/promusica.org.pl\/assets\/plakat-Finalis-2024_1-706x999.jpg\" alt=\"\" width=\"706\" height=\"999\" srcset=\"https:\/\/promusica.org.pl\/assets\/plakat-Finalis-2024_1-706x999.jpg 706w, https:\/\/promusica.org.pl\/assets\/plakat-Finalis-2024_1-768x1086.jpg 768w, https:\/\/promusica.org.pl\/assets\/plakat-Finalis-2024_1-1086x1536.jpg 1086w, https:\/\/promusica.org.pl\/assets\/plakat-Finalis-2024_1-1448x2048.jpg 1448w, https:\/\/promusica.org.pl\/assets\/plakat-Finalis-2024_1-scaled.jpg 1810w\" sizes=\"auto, (max-width: 706px) 100vw, 706px\" \/><\/h4>\n<p>&nbsp;<\/p>\n<h2 style=\"text-align: center;\"><strong><span style=\"color: #3366ff;\">COMPETITION ORGANIZERS<\/span><\/strong><\/h2>\n<p>&nbsp;<\/p>\n<figure id=\"attachment_1648\" aria-describedby=\"caption-attachment-1648\" style=\"width: 300px\" class=\"wp-caption alignleft\"><a href=\"https:\/\/promusica.org.pl\/assets\/logo-UMFC_firm\u00f3wka.jpg\"><img loading=\"lazy\" decoding=\"async\" class=\"wp-image-1648\" src=\"http:\/\/promusica.org.pl\/assets\/umfc-lock1-rgb.jpg\" alt=\"logo+UMFC_firm\u00f3wka\" width=\"300\" height=\"199\" \/><\/a><figcaption id=\"caption-attachment-1648\" class=\"wp-caption-text\">Uniwersytet Muzyczny Fryderyka Chopina Wydzia\u0142 Instrumentalno-Pedagogiczny w Bia\u0142ymstoku<\/figcaption><\/figure>\n<figure id=\"attachment_2079\" aria-describedby=\"caption-attachment-2079\" style=\"width: 201px\" class=\"wp-caption alignleft\"><a href=\"https:\/\/promusica.org.pl\/assets\/logo-zsm.png\"><img loading=\"lazy\" decoding=\"async\" class=\"wp-image-2079 size-full\" src=\"https:\/\/promusica.org.pl\/assets\/logo-zsm.png\" alt=\"logo zsm\" width=\"201\" height=\"188\" \/><\/a><figcaption id=\"caption-attachment-2079\" class=\"wp-caption-text\">Zesp\u00f3\u0142 Szk\u00f3\u0142 Muzycznych im. Ignacego Paderewskiego w Bia\u0142ymstoku<\/figcaption><\/figure>\n<figure id=\"attachment_1649\" aria-describedby=\"caption-attachment-1649\" style=\"width: 278px\" class=\"wp-caption alignleft\"><a href=\"https:\/\/promusica.org.pl\/assets\/PROmusica-1-1.jpg\"><img loading=\"lazy\" decoding=\"async\" class=\"mr-0 wp-image-1649\" src=\"http:\/\/promusica.org.pl\/assets\/PROmusica-1-1.jpg\" alt=\"PROmusica (1) (1)\" width=\"278\" height=\"97\" srcset=\"https:\/\/promusica.org.pl\/assets\/PROmusica-1-1.jpg 3543w, https:\/\/promusica.org.pl\/assets\/PROmusica-1-1-1170x409.jpg 1170w\" sizes=\"auto, (max-width: 278px) 100vw, 278px\" \/><\/a><figcaption id=\"caption-attachment-1649\" class=\"wp-caption-text\">Fundacja &#8220;Centrum Kultury i Sztuki Pro Musica&#8221;<\/figcaption><\/figure>\n<hr \/>\n<p style=\"text-align: center;\">COMPETITION DIRECTOR: Przemys\u0142aw Kosieli\u0144ski<\/p>\n<p style=\"text-align: center;\">ARTISTIC DIRECTOR : Wojciech Dunaj<\/p>\n<p style=\"text-align: center;\">ART ADVISOR: Simon Percic<\/p>\n<hr \/>\n<h3 style=\"text-align: center;\"><span style=\"color: #3366ff;\"><strong>SPONSORS AND COOPERATION<\/strong><\/span><\/h3>\n<p>&nbsp;<\/p>\n<div id='gallery-2' class='gallery galleryid-4131 gallery-columns-4 gallery-size-large'><figure class='gallery-item'>\n\t\t\t<div class='gallery-icon landscape'>\n\t\t\t\t<img loading=\"lazy\" decoding=\"async\" width=\"750\" height=\"427\" src=\"https:\/\/promusica.org.pl\/assets\/LOGO-Alcazar-sewilla.jpg\" class=\"attachment-large size-large\" alt=\"\" \/>\n\t\t\t<\/div><\/figure><figure class='gallery-item'>\n\t\t\t<div class='gallery-icon landscape'>\n\t\t\t\t<img loading=\"lazy\" decoding=\"async\" width=\"1170\" height=\"936\" src=\"https:\/\/promusica.org.pl\/assets\/Filh-Olsztyn-1170x936.jpg\" class=\"attachment-large size-large\" alt=\"\" srcset=\"https:\/\/promusica.org.pl\/assets\/Filh-Olsztyn-1170x936.jpg 1170w, https:\/\/promusica.org.pl\/assets\/Filh-Olsztyn-768x614.jpg 768w, https:\/\/promusica.org.pl\/assets\/Filh-Olsztyn-1536x1228.jpg 1536w, https:\/\/promusica.org.pl\/assets\/Filh-Olsztyn.jpg 1772w\" sizes=\"auto, (max-width: 1170px) 100vw, 1170px\" \/>\n\t\t\t<\/div><\/figure><figure class='gallery-item'>\n\t\t\t<div class='gallery-icon landscape'>\n\t\t\t\t<img loading=\"lazy\" decoding=\"async\" width=\"1170\" height=\"839\" src=\"https:\/\/promusica.org.pl\/assets\/Logo-wersja-ostateczna-\u0142om\u017ca-1170x839.jpg\" class=\"attachment-large size-large\" alt=\"\" srcset=\"https:\/\/promusica.org.pl\/assets\/Logo-wersja-ostateczna-\u0142om\u017ca-1170x839.jpg 1170w, https:\/\/promusica.org.pl\/assets\/Logo-wersja-ostateczna-\u0142om\u017ca.jpg 1840w\" sizes=\"auto, (max-width: 1170px) 100vw, 1170px\" \/>\n\t\t\t<\/div><\/figure><figure class='gallery-item'>\n\t\t\t<div class='gallery-icon portrait'>\n\t\t\t\t<img loading=\"lazy\" decoding=\"async\" width=\"452\" height=\"500\" src=\"https:\/\/promusica.org.pl\/assets\/buffet_crampon.gif\" class=\"attachment-large size-large\" alt=\"\" \/>\n\t\t\t<\/div><\/figure><figure class='gallery-item'>\n\t\t\t<div class='gallery-icon landscape'>\n\t\t\t\t<img loading=\"lazy\" decoding=\"async\" width=\"1170\" height=\"975\" src=\"https:\/\/promusica.org.pl\/assets\/Smietana-02-2023-logo-strona_Strona_1-1170x975.jpg\" class=\"attachment-large size-large\" alt=\"\" \/>\n\t\t\t<\/div><\/figure><figure class='gallery-item'>\n\t\t\t<div class='gallery-icon landscape'>\n\t\t\t\t<img loading=\"lazy\" decoding=\"async\" width=\"1170\" height=\"254\" src=\"https:\/\/promusica.org.pl\/assets\/propagator-logo-1170x254.jpg\" class=\"attachment-large size-large\" alt=\"\" srcset=\"https:\/\/promusica.org.pl\/assets\/propagator-logo-1170x254.jpg 1170w, https:\/\/promusica.org.pl\/assets\/propagator-logo.jpg 1620w\" sizes=\"auto, (max-width: 1170px) 100vw, 1170px\" \/>\n\t\t\t<\/div><\/figure><figure class='gallery-item'>\n\t\t\t<div class='gallery-icon portrait'>\n\t\t\t\t<img loading=\"lazy\" decoding=\"async\" width=\"120\" height=\"127\" src=\"https:\/\/promusica.org.pl\/assets\/logo_villa_tradycja.jpg\" class=\"attachment-large size-large\" alt=\"\" \/>\n\t\t\t<\/div><\/figure>\n\t\t<\/div>\n\n<hr \/>\n<h3 style=\"text-align: center;\"><span style=\"color: #3366ff;\">Contact E-MAIL<\/span><\/h3>\n<p style=\"text-align: center;\">finalis2024@gmail.com<\/p>\n<p><\/p>","protected":false},"excerpt":{"rendered":"<p>VI International Competition for Wind Instruments FINALIS 2024 &nbsp; COMPETITION ORGANIZERS &nbsp; COMPETITION DIRECTOR: Przemys\u0142aw Kosieli\u0144ski ARTISTIC DIRECTOR : Wojciech Dunaj ART ADVISOR: Simon Percic SPONSORS AND COOPERATION &nbsp; Contact E-MAIL finalis2024@gmail.com<\/p>\n","protected":false},"author":1,"featured_media":0,"comment_status":"closed","ping_status":"closed","sticky":false,"template":"","format":"standard","meta":{"_kad_post_transparent":"default","_kad_post_title":"default","_kad_post_layout":"default","_kad_post_sidebar_id":"","_kad_post_content_style":"default","_kad_post_vertical_padding":"default","_kad_post_feature":"","_kad_post_feature_position":"","_kad_post_header":false,"_kad_post_footer":false,"footnotes":""},"categories":[7],"tags":[],"class_list":["post-4131","post","type-post","status-publish","format-standard","hentry","category-konkursy"],"yoast_head":"<!-- This site is optimized with the Yoast SEO plugin v26.4 - https:\/\/yoast.com\/wordpress\/plugins\/seo\/ -->\n<title>VI International Competition for Wind Instruments FINALIS 2024 - Pro Musica<\/title>\n<meta name=\"robots\" content=\"index, follow, max-snippet:-1, max-image-preview:large, max-video-preview:-1\" \/>\n<link rel=\"canonical\" href=\"https:\/\/promusica.org.pl\/en\/vi-miedzynarodowy-konkurs-instrumentow-detych-finalis-2024\/\" \/>\n<meta property=\"og:locale\" content=\"en_US\" \/>\n<meta property=\"og:type\" content=\"article\" \/>\n<meta property=\"og:title\" content=\"VI International Competition for Wind Instruments FINALIS 2024 - Pro Musica\" \/>\n<meta property=\"og:description\" content=\"VI International Competition for Wind Instruments FINALIS 2024 &nbsp; COMPETITION ORGANIZERS &nbsp; COMPETITION DIRECTOR: Przemys\u0142aw Kosieli\u0144ski ARTISTIC DIRECTOR : Wojciech Dunaj ART ADVISOR: Simon Percic SPONSORS AND COOPERATION &nbsp; Contact E-MAIL finalis2024@gmail.com\" \/>\n<meta property=\"og:url\" content=\"https:\/\/promusica.org.pl\/en\/vi-miedzynarodowy-konkurs-instrumentow-detych-finalis-2024\/\" \/>\n<meta property=\"og:site_name\" content=\"Pro Musica\" \/>\n<meta property=\"article:published_time\" content=\"2024-04-04T05:43:53+00:00\" \/>\n<meta property=\"article:modified_time\" content=\"2025-03-15T16:06:11+00:00\" \/>\n<meta property=\"og:image\" content=\"https:\/\/promusica.org.pl\/assets\/LOGO-Alcazar-sewilla.jpg\" \/>\n<meta name=\"author\" content=\"luqedi_wp2015\" \/>\n<meta name=\"twitter:label1\" content=\"Written by\" \/>\n\t<meta name=\"twitter:data1\" content=\"luqedi_wp2015\" \/>\n\t<meta name=\"twitter:label2\" content=\"Est. reading time\" \/>\n\t<meta name=\"twitter:data2\" content=\"2 minutes\" \/>\n<script type=\"application\/ld+json\" class=\"yoast-schema-graph\">{\"@context\":\"https:\/\/schema.org\",\"@graph\":[{\"@type\":\"Article\",\"@id\":\"https:\/\/promusica.org.pl\/vi-miedzynarodowy-konkurs-instrumentow-detych-finalis-2024\/#article\",\"isPartOf\":{\"@id\":\"https:\/\/promusica.org.pl\/vi-miedzynarodowy-konkurs-instrumentow-detych-finalis-2024\/\"},\"author\":{\"name\":\"luqedi_wp2015\",\"@id\":\"https:\/\/promusica.org.pl\/#\/schema\/person\/24900e10e86da6ed1ac9f32163d08274\"},\"headline\":\"VI International Competition for Wind Instruments FINALIS 2024\",\"datePublished\":\"2024-04-04T05:43:53+00:00\",\"dateModified\":\"2025-03-15T16:06:11+00:00\",\"mainEntityOfPage\":{\"@id\":\"https:\/\/promusica.org.pl\/vi-miedzynarodowy-konkurs-instrumentow-detych-finalis-2024\/\"},\"wordCount\":197,\"publisher\":{\"@id\":\"https:\/\/promusica.org.pl\/#organization\"},\"image\":{\"@id\":\"https:\/\/promusica.org.pl\/vi-miedzynarodowy-konkurs-instrumentow-detych-finalis-2024\/#primaryimage\"},\"thumbnailUrl\":\"https:\/\/promusica.org.pl\/assets\/plakat-Finalis-2024_1-706x999.jpg\",\"articleSection\":[\"Konkursy\"],\"inLanguage\":\"en-US\"},{\"@type\":\"WebPage\",\"@id\":\"https:\/\/promusica.org.pl\/en\/vi-miedzynarodowy-konkurs-instrumentow-detych-finalis-2024\/\",\"url\":\"https:\/\/promusica.org.pl\/en\/vi-miedzynarodowy-konkurs-instrumentow-detych-finalis-2024\/\",\"name\":\"VI International Competition for Wind Instruments FINALIS 2024 - Pro Musica\",\"isPartOf\":{\"@id\":\"https:\/\/promusica.org.pl\/en\/#website\"},\"primaryImageOfPage\":{\"@id\":\"https:\/\/promusica.org.pl\/en\/vi-miedzynarodowy-konkurs-instrumentow-detych-finalis-2024\/#primaryimage\"},\"image\":{\"@id\":\"https:\/\/promusica.org.pl\/vi-miedzynarodowy-konkurs-instrumentow-detych-finalis-2024\/#primaryimage\"},\"thumbnailUrl\":\"https:\/\/promusica.org.pl\/assets\/plakat-Finalis-2024_1-706x999.jpg\",\"datePublished\":\"2024-04-04T05:43:53+00:00\",\"dateModified\":\"2025-03-15T16:06:11+00:00\",\"breadcrumb\":{\"@id\":\"https:\/\/promusica.org.pl\/en\/vi-miedzynarodowy-konkurs-instrumentow-detych-finalis-2024\/#breadcrumb\"},\"inLanguage\":\"en-US\",\"potentialAction\":[{\"@type\":\"ReadAction\",\"target\":[[\"https:\/\/promusica.org.pl\/en\/vi-miedzynarodowy-konkurs-instrumentow-detych-finalis-2024\/\"]]}]},{\"@type\":\"ImageObject\",\"inLanguage\":\"en-US\",\"@id\":\"https:\/\/promusica.org.pl\/en\/vi-miedzynarodowy-konkurs-instrumentow-detych-finalis-2024\/#primaryimage\",\"url\":\"https:\/\/promusica.org.pl\/assets\/plakat-Finalis-2024_1-706x999.jpg\",\"contentUrl\":\"https:\/\/promusica.org.pl\/assets\/plakat-Finalis-2024_1-706x999.jpg\"},{\"@type\":\"BreadcrumbList\",\"@id\":\"https:\/\/promusica.org.pl\/en\/vi-miedzynarodowy-konkurs-instrumentow-detych-finalis-2024\/#breadcrumb\",\"itemListElement\":[{\"@type\":\"ListItem\",\"position\":1,\"name\":\"Strona g\u0142\u00f3wna\",\"item\":\"https:\/\/promusica.org.pl\/en\/\"},{\"@type\":\"ListItem\",\"position\":2,\"name\":\"VI Mi\u0119dzynarodowy Konkurs Instrument\u00f3w D\u0119tych FINALIS 2024\"}]},{\"@type\":\"WebSite\",\"@id\":\"https:\/\/promusica.org.pl\/en\/#website\",\"url\":\"https:\/\/promusica.org.pl\/en\/\",\"name\":\"Pro Musica\",\"description\":\"warsztaty muzyczne, warsztaty orkiestrowe, konkurs na instrumenty solo\",\"publisher\":{\"@id\":\"https:\/\/promusica.org.pl\/en\/#organization\"},\"potentialAction\":[{\"@type\":\"SearchAction\",\"target\":{\"@type\":\"EntryPoint\",\"urlTemplate\":\"https:\/\/promusica.org.pl\/en\/?s={search_term_string}\"},\"query-input\":{\"@type\":\"PropertyValueSpecification\",\"valueRequired\":true,\"valueName\":\"search_term_string\"}}],\"inLanguage\":\"en-US\"},{\"@type\":\"Organization\",\"@id\":\"https:\/\/promusica.org.pl\/en\/#organization\",\"name\":\"Pro Musica\",\"url\":\"https:\/\/promusica.org.pl\/en\/\",\"logo\":{\"@type\":\"ImageObject\",\"inLanguage\":\"en-US\",\"@id\":\"https:\/\/promusica.org.pl\/en\/#\/schema\/logo\/image\/\",\"url\":\"https:\/\/promusica.org.pl\/assets\/cropped-logo.jpg\",\"contentUrl\":\"https:\/\/promusica.org.pl\/assets\/cropped-logo.jpg\",\"width\":239,\"height\":95,\"caption\":\"Pro Musica\"},\"image\":{\"@id\":\"https:\/\/promusica.org.pl\/en\/#\/schema\/logo\/image\/\"}},{\"@type\":\"Person\",\"@id\":\"https:\/\/promusica.org.pl\/#\/schema\/person\/24900e10e86da6ed1ac9f32163d08274\",\"name\":\"luqedi_wp2015\",\"url\":\"https:\/\/promusica.org.pl\/en\/author\/luqedi_wp2015\/\"}]}<\/script>\n<!-- \/ Yoast SEO plugin. -->","yoast_head_json":{"title":"VI International Competition for Wind Instruments FINALIS 2024 - Pro Musica","robots":{"index":"index","follow":"follow","max-snippet":"max-snippet:-1","max-image-preview":"max-image-preview:large","max-video-preview":"max-video-preview:-1"},"canonical":"https:\/\/promusica.org.pl\/en\/vi-miedzynarodowy-konkurs-instrumentow-detych-finalis-2024\/","og_locale":"en_US","og_type":"article","og_title":"VI International Competition for Wind Instruments FINALIS 2024 - Pro Musica","og_description":"VI International Competition for Wind Instruments FINALIS 2024 &nbsp; COMPETITION ORGANIZERS &nbsp; COMPETITION DIRECTOR: Przemys\u0142aw Kosieli\u0144ski ARTISTIC DIRECTOR : Wojciech Dunaj ART ADVISOR: Simon Percic SPONSORS AND COOPERATION &nbsp; Contact E-MAIL finalis2024@gmail.com","og_url":"https:\/\/promusica.org.pl\/en\/vi-miedzynarodowy-konkurs-instrumentow-detych-finalis-2024\/","og_site_name":"Pro Musica","article_published_time":"2024-04-04T05:43:53+00:00","article_modified_time":"2025-03-15T16:06:11+00:00","og_image":[{"url":"https:\/\/promusica.org.pl\/assets\/LOGO-Alcazar-sewilla.jpg","type":"","width":"","height":""}],"author":"luqedi_wp2015","twitter_misc":{"Written by":"luqedi_wp2015","Est. reading time":"2 minutes"},"schema":{"@context":"https:\/\/schema.org","@graph":[{"@type":"Article","@id":"https:\/\/promusica.org.pl\/vi-miedzynarodowy-konkurs-instrumentow-detych-finalis-2024\/#article","isPartOf":{"@id":"https:\/\/promusica.org.pl\/vi-miedzynarodowy-konkurs-instrumentow-detych-finalis-2024\/"},"author":{"name":"luqedi_wp2015","@id":"https:\/\/promusica.org.pl\/#\/schema\/person\/24900e10e86da6ed1ac9f32163d08274"},"headline":"VI International Competition for Wind Instruments FINALIS 2024","datePublished":"2024-04-04T05:43:53+00:00","dateModified":"2025-03-15T16:06:11+00:00","mainEntityOfPage":{"@id":"https:\/\/promusica.org.pl\/vi-miedzynarodowy-konkurs-instrumentow-detych-finalis-2024\/"},"wordCount":197,"publisher":{"@id":"https:\/\/promusica.org.pl\/#organization"},"image":{"@id":"https:\/\/promusica.org.pl\/vi-miedzynarodowy-konkurs-instrumentow-detych-finalis-2024\/#primaryimage"},"thumbnailUrl":"https:\/\/promusica.org.pl\/assets\/plakat-Finalis-2024_1-706x999.jpg","articleSection":["Konkursy"],"inLanguage":"en-US"},{"@type":"WebPage","@id":"https:\/\/promusica.org.pl\/en\/vi-miedzynarodowy-konkurs-instrumentow-detych-finalis-2024\/","url":"https:\/\/promusica.org.pl\/en\/vi-miedzynarodowy-konkurs-instrumentow-detych-finalis-2024\/","name":"VI International Competition for Wind Instruments FINALIS 2024 - Pro Musica","isPartOf":{"@id":"https:\/\/promusica.org.pl\/en\/#website"},"primaryImageOfPage":{"@id":"https:\/\/promusica.org.pl\/en\/vi-miedzynarodowy-konkurs-instrumentow-detych-finalis-2024\/#primaryimage"},"image":{"@id":"https:\/\/promusica.org.pl\/vi-miedzynarodowy-konkurs-instrumentow-detych-finalis-2024\/#primaryimage"},"thumbnailUrl":"https:\/\/promusica.org.pl\/assets\/plakat-Finalis-2024_1-706x999.jpg","datePublished":"2024-04-04T05:43:53+00:00","dateModified":"2025-03-15T16:06:11+00:00","breadcrumb":{"@id":"https:\/\/promusica.org.pl\/en\/vi-miedzynarodowy-konkurs-instrumentow-detych-finalis-2024\/#breadcrumb"},"inLanguage":"en-US","potentialAction":[{"@type":"ReadAction","target":[["https:\/\/promusica.org.pl\/en\/vi-miedzynarodowy-konkurs-instrumentow-detych-finalis-2024\/"]]}]},{"@type":"ImageObject","inLanguage":"en-US","@id":"https:\/\/promusica.org.pl\/en\/vi-miedzynarodowy-konkurs-instrumentow-detych-finalis-2024\/#primaryimage","url":"https:\/\/promusica.org.pl\/assets\/plakat-Finalis-2024_1-706x999.jpg","contentUrl":"https:\/\/promusica.org.pl\/assets\/plakat-Finalis-2024_1-706x999.jpg"},{"@type":"BreadcrumbList","@id":"https:\/\/promusica.org.pl\/en\/vi-miedzynarodowy-konkurs-instrumentow-detych-finalis-2024\/#breadcrumb","itemListElement":[{"@type":"ListItem","position":1,"name":"Strona g\u0142\u00f3wna","item":"https:\/\/promusica.org.pl\/en\/"},{"@type":"ListItem","position":2,"name":"VI Mi\u0119dzynarodowy Konkurs Instrument\u00f3w D\u0119tych FINALIS 2024"}]},{"@type":"WebSite","@id":"https:\/\/promusica.org.pl\/en\/#website","url":"https:\/\/promusica.org.pl\/en\/","name":"Pro Musica","description":"warsztaty muzyczne, warsztaty orkiestrowe, konkurs na instrumenty solo","publisher":{"@id":"https:\/\/promusica.org.pl\/en\/#organization"},"potentialAction":[{"@type":"SearchAction","target":{"@type":"EntryPoint","urlTemplate":"https:\/\/promusica.org.pl\/en\/?s={search_term_string}"},"query-input":{"@type":"PropertyValueSpecification","valueRequired":true,"valueName":"search_term_string"}}],"inLanguage":"en-US"},{"@type":"Organization","@id":"https:\/\/promusica.org.pl\/en\/#organization","name":"Pro Musica","url":"https:\/\/promusica.org.pl\/en\/","logo":{"@type":"ImageObject","inLanguage":"en-US","@id":"https:\/\/promusica.org.pl\/en\/#\/schema\/logo\/image\/","url":"https:\/\/promusica.org.pl\/assets\/cropped-logo.jpg","contentUrl":"https:\/\/promusica.org.pl\/assets\/cropped-logo.jpg","width":239,"height":95,"caption":"Pro Musica"},"image":{"@id":"https:\/\/promusica.org.pl\/en\/#\/schema\/logo\/image\/"}},{"@type":"Person","@id":"https:\/\/promusica.org.pl\/#\/schema\/person\/24900e10e86da6ed1ac9f32163d08274","name":"luqedi_wp2015","url":"https:\/\/promusica.org.pl\/en\/author\/luqedi_wp2015\/"}]}},"_links":{"self":[{"href":"https:\/\/promusica.org.pl\/en\/wp-json\/wp\/v2\/posts\/4131","targetHints":{"allow":["GET"]}}],"collection":[{"href":"https:\/\/promusica.org.pl\/en\/wp-json\/wp\/v2\/posts"}],"about":[{"href":"https:\/\/promusica.org.pl\/en\/wp-json\/wp\/v2\/types\/post"}],"author":[{"embeddable":true,"href":"https:\/\/promusica.org.pl\/en\/wp-json\/wp\/v2\/users\/1"}],"replies":[{"embeddable":true,"href":"https:\/\/promusica.org.pl\/en\/wp-json\/wp\/v2\/comments?post=4131"}],"version-history":[{"count":10,"href":"https:\/\/promusica.org.pl\/en\/wp-json\/wp\/v2\/posts\/4131\/revisions"}],"predecessor-version":[{"id":4425,"href":"https:\/\/promusica.org.pl\/en\/wp-json\/wp\/v2\/posts\/4131\/revisions\/4425"}],"wp:attachment":[{"href":"https:\/\/promusica.org.pl\/en\/wp-json\/wp\/v2\/media?parent=4131"}],"wp:term":[{"taxonomy":"category","embeddable":true,"href":"https:\/\/promusica.org.pl\/en\/wp-json\/wp\/v2\/categories?post=4131"},{"taxonomy":"post_tag","embeddable":true,"href":"https:\/\/promusica.org.pl\/en\/wp-json\/wp\/v2\/tags?post=4131"}],"curies":[{"name":"wp","href":"https:\/\/api.w.org\/{rel}","templated":true}]}}