{"id":3300,"date":"2022-06-01T14:50:24","date_gmt":"2022-06-01T14:50:24","guid":{"rendered":"http:\/\/promusica.org.pl\/?p=3300"},"modified":"2023-07-10T18:49:34","modified_gmt":"2023-07-10T18:49:34","slug":"sow-2022","status":"publish","type":"post","link":"https:\/\/promusica.org.pl\/en\/sow-2022\/","title":{"rendered":"SOW 2022 \u2013 II Summer Orchestra Workshop"},"content":{"rendered":"<p>&nbsp;<\/p>\n<h1 style=\"text-align: center;\"><\/h1>\n<h1 style=\"text-align: center;\">\u00a0<img loading=\"lazy\" decoding=\"async\" class=\"alignleft size-large wp-image-3357\" src=\"http:\/\/promusica.org.pl\/assets\/SOW-2022-tlo-1170x659.jpg\" alt=\"SOW-2022-tlo\" width=\"940\" height=\"529\" \/><\/h1>\n<h1 style=\"text-align: center;\"><\/h1>\n<h1 style=\"text-align: center;\"><\/h1>\n<h1 style=\"text-align: center;\"><\/h1>\n<h1 style=\"text-align: center;\"><\/h1>\n<h1 style=\"text-align: center;\"><\/h1>\n<h1 style=\"text-align: center;\"><\/h1>\n<h1 style=\"text-align: center;\"><\/h1>\n<h1 style=\"text-align: center;\"><\/h1>\n<h1 style=\"text-align: center;\"><\/h1>\n<p>&nbsp;<\/p>\n<p>&nbsp;<\/p>\n<h1 style=\"text-align: center;\"><\/h1>\n<h1 style=\"text-align: center;\"><strong><span style=\"color: #ff9900;\">II MI\u0118DZYNARODOWE LETNIE WARSZTATY ORKIESTROWE<\/span><\/strong><\/h1>\n<h1 style=\"text-align: center;\"><strong><span style=\"color: #ff9900;\">Summer Orchestra Workshop<\/span><\/strong><\/h1>\n<h1 style=\"text-align: center;\"><strong><span style=\"color: #ff9900;\">SOW\u00a02022<\/span><\/strong><\/h1>\n<h3 style=\"text-align: center;\">\u00a08-15\u00a0August 2022<\/h3>\n<h3 style=\"text-align: center;\">Supra\u015bl, Poland<\/h3>\n<p>&nbsp;<\/p>\n<h3>The Foundation\u00a0&#8220;Centrum Sztuki i Kultury Pro Musica&#8221;\u00a0invites you to the second edition of\u00a0Summer\u00a0Orchestra Workshop! Let&#8217;s meet in cosy green town in Poland and\u00a0play together wonderful music!<\/h3>\n<p>&nbsp;<\/p>\n<h1 style=\"text-align: center;\"><a href=\"https:\/\/forms.gle\/em9rwxvoK5wJA8ju6\">REGISTRATION<\/a><\/h1>\n<p>&nbsp;<\/p>\n<h3><img loading=\"lazy\" decoding=\"async\" class=\"aligncenter size-full wp-image-3290\" src=\"http:\/\/promusica.org.pl\/assets\/2-SOW-koncert-24-2021.jpg\" alt=\"SOW 2022 - koncert - 1\" width=\"5184\" height=\"3456\" srcset=\"https:\/\/promusica.org.pl\/assets\/2-SOW-koncert-24-2021.jpg 5184w, https:\/\/promusica.org.pl\/assets\/2-SOW-koncert-24-2021-160x106.jpg 160w, https:\/\/promusica.org.pl\/assets\/2-SOW-koncert-24-2021-290x194.jpg 290w, https:\/\/promusica.org.pl\/assets\/2-SOW-koncert-24-2021-1170x780.jpg 1170w\" sizes=\"auto, (max-width: 5184px) 100vw, 5184px\" \/><\/h3>\n<p>&nbsp;<\/p>\n<h3>In the\u00a0summer orchestra workshop\u00a0participants create concert wind orchestra\u00a0and are preparing musical programme that will be performed at the final concerts.<\/h3>\n<h3>As every year, the orchestra will be conducted by amazing Italian conductor Andrea Loss!<\/h3>\n<h3>The co-organizer of the workshops is the Culture and Recreation Center in Supra\u015bl.<\/h3>\n<p>&nbsp;<\/p>\n<p><img loading=\"lazy\" decoding=\"async\" class=\"alignleft size-large wp-image-3335\" src=\"http:\/\/promusica.org.pl\/assets\/Wasilk\u00f3w-1170x550.jpg\" alt=\"Wasilk\u00f3w\" width=\"940\" height=\"442\" srcset=\"https:\/\/promusica.org.pl\/assets\/Wasilk\u00f3w-1170x550.jpg 1170w, https:\/\/promusica.org.pl\/assets\/Wasilk\u00f3w.jpg 1868w\" sizes=\"auto, (max-width: 940px) 100vw, 940px\" \/><\/p>\n<p>&nbsp;<\/p>\n<h3><\/h3>\n<h3><\/h3>\n<h3><\/h3>\n<h3><\/h3>\n<h3><\/h3>\n<h3><\/h3>\n<h3><\/h3>\n<h3><\/h3>\n<h3><\/h3>\n<p>&nbsp;<\/p>\n<h3><span style=\"color: #ff9900;\">Workshop program:<\/span><\/h3>\n<h3>&#8211; section rehearsals &#8211; conducted by qualified instrumentalists, incl. musicians of the Podlasie Opera and Philharmonic and teachers of the\u00a0Music School in Bia\u0142ystok<\/h3>\n<h3>&#8211; daily orchestral rehearsals &#8211; moderator: maestro Andrea Loss (Italy)<\/h3>\n<h3>&#8211; additional group activities, incl. picnic and canoeing (for volunteers)<\/h3>\n<h3>&#8211; CONCERTS by the SOW Orchestra conducted by maestro Andrea Loss:<\/h3>\n<ul>\n<li>Outdoor concert &#8211; Saturday, August 13<\/li>\n<li>Gala Concert &#8211; Amphitheater of Podlasie Opera and Philharmonic in Bia\u0142ystok &#8211; Sunday, August 14<\/li>\n<li>Final Concert &#8211; Amphitheater in Supra\u015bl &#8211; Monday, August 15<\/li>\n<\/ul>\n<p>&nbsp;<\/p>\n<p>The orchestral rehearsals will take place at the Dom Ludowy in Supra\u015bl<\/p>\n<p>J\u00f3zefa Pi\u0142sudskiego 11 Street, 16-030 Supra\u015bl, Poland<\/p>\n<p>&nbsp;<\/p>\n<p>If you need advice about accommodation, please, contact us by email: wow.promusica@gmail.com<\/p>\n<p>&nbsp;<\/p>\n<h3>Costs: 100 euro (+ optionally lunches 35 euro)<\/h3>\n<p>Organized meals (35 euro) include 6 lunches on August 8-13 at the Spi\u017carnia Smak\u00f3w restaurant (3 Maja 5 St., Supra\u015bl). After the concerts, there are additional\u00a0snacks for all workshop participants.<\/p>\n<p>&nbsp;<\/p>\n<h3><span style=\"color: #ff9900;\">Instruments in the orchestra:<\/span><\/h3>\n<p>clarinets, saxophones, flutes, oboes, English horn, bassoons;<\/p>\n<p>trumpets, cornets, trombones, horns, saxhorns, tubas, euphoniums;<\/p>\n<p>cellos, double basses;<\/p>\n<p>harp, piano;<\/p>\n<p>percussion instruments.<\/p>\n<h3>\u00a0<img loading=\"lazy\" decoding=\"async\" class=\"alignleft size-large wp-image-3315\" src=\"http:\/\/promusica.org.pl\/assets\/IMG_2081-1170x780.jpg\" alt=\"IMG_2081\" width=\"940\" height=\"627\" srcset=\"https:\/\/promusica.org.pl\/assets\/IMG_2081-1170x780.jpg 1170w, https:\/\/promusica.org.pl\/assets\/IMG_2081-160x106.jpg 160w, https:\/\/promusica.org.pl\/assets\/IMG_2081-290x194.jpg 290w\" sizes=\"auto, (max-width: 940px) 100vw, 940px\" \/><\/h3>\n<h3><\/h3>\n<h3><\/h3>\n<h3><\/h3>\n<h3><\/h3>\n<h3><\/h3>\n<h3><\/h3>\n<h3><\/h3>\n<h3><\/h3>\n<h3><\/h3>\n<h3><\/h3>\n<h3><\/h3>\n<h3><\/h3>\n<p>&nbsp;<\/p>\n<p>&nbsp;<\/p>\n<h3><span style=\"color: #ff9900;\">Repertoire:<\/span><\/h3>\n<h3><\/h3>\n<h3>1. Highlights from \u201eLa La Land\u201d, Justin Hurwitz (ar. Michael Brown)<\/h3>\n<h3>2. Libertango, Astor Piazzolla (ar. Marco Somadossi)<\/h3>\n<h3>3. Courtly Airs and Dances, Ron Nelson<\/h3>\n<h3>4. La belle H\u00e9l\u00e8ne, Jacques Offenbach (ar. Jim Mahaffey)<\/h3>\n<h3>5. Mala Suita op. 39, Matteo Firmi<\/h3>\n<h3>6. Miniaturas Brasileiras, Hudson Nogueira<\/h3>\n<h3>7. Old American Songs, Luciano Feliciani<\/h3>\n<h3>8. Dublin Dances, Jan Van der Roost<\/h3>\n<h3>9. Greek Folk Song Suite, Franco Cesarini<\/h3>\n<h3>10. Satiric Dances for a Comedy by Aristophanes, Norman Dello Joio<\/h3>\n<h3>11. Mazur from opera \u201eThe\u00a0<em>Haunted\u00a0<\/em><em>M<\/em>anor\u201d (\u201eStraszny Dw\u00f3r\u201d), Stanis\u0142aw Moniuszko (ar. Grzegorz Duchnowski)<\/h3>\n<h3>12. \u201eI Will Follow Him\u201d from \u201eSister Act\u201d (\u201eZakonnica w przebraniu\u201d), Del Roma, J.W. Stole (ar. Jan van Kraeydonck)<\/h3>\n<h3>13. Concertino op. 107 for Flute Solo with Band, C\u00e9cile Chaminade (ar. Clayton Wilson)<\/h3>\n<p>&nbsp;<\/p>\n<h3>e-mail:\u00a0<a href=\"mailto:wow.promusica@gmail.com\" target=\"_blank\" rel=\"nofollow\">wow.promusica@gmail.com<\/a><\/h3>\n<p>&nbsp;<\/p>\n<h3>Check out our YouTube channel with video from previous editions of the workshop:<\/h3>\n<p><a href=\"https:\/\/www.youtube.com\/channel\/UCs3nDHLZDqe_ersBwp7ETnA\/videos\" target=\"_blank\" rel=\"nofollow\">https:\/\/www.youtube.com\/channel\/UCs3nDHLZDqe_ersBwp7ETnA\/videos<\/a><\/p>\n<h2>\u00a0<img loading=\"lazy\" decoding=\"async\" class=\"alignleft size-large wp-image-3314\" src=\"http:\/\/promusica.org.pl\/assets\/IMG_20210813_144919_HDR-1170x658.jpg\" alt=\"IMG_20210813_144919_HDR\" width=\"940\" height=\"529\" \/><\/h2>\n<p>&nbsp;<\/p>\n<h1><\/h1>\n<h1><\/h1>\n<h1><\/h1>\n<h1><\/h1>\n<h1><\/h1>\n<h1><\/h1>\n<h1><\/h1>\n<h1><\/h1>\n<h1><\/h1>\n<h1><\/h1>\n<h1 style=\"text-align: center;\"><span style=\"color: #ff9900;\">Organizers:<\/span><\/h1>\n<p><img loading=\"lazy\" decoding=\"async\" class=\"alignleft size-large wp-image-1649\" src=\"http:\/\/promusica.org.pl\/assets\/PROmusica-1-1-1170x409.jpg\" alt=\"PROmusica (1) (1)\" width=\"940\" height=\"329\" \/><\/p>\n<p>&nbsp;<\/p>\n<h3><\/h3>\n<h3><\/h3>\n<h3><\/h3>\n<h3><\/h3>\n<h3><\/h3>\n<h3><\/h3>\n<h3><img loading=\"lazy\" decoding=\"async\" class=\"alignleft size-full wp-image-107\" src=\"http:\/\/promusica.org.pl\/assets\/LogoCKIRsuprasl-e1421141678141.png\" alt=\"LogoCKIRsuprasl\" width=\"250\" height=\"242\" \/><\/h3>\n<p>&nbsp;<\/p>\n<p>&nbsp;<\/p>\n<p>&nbsp;<\/p>\n<p>&nbsp;<\/p>\n<p>&nbsp;<\/p>\n<p>&nbsp;<\/p>\n<p>&nbsp;<\/p>\n<p>&nbsp;<\/p>\n<p>&nbsp;<\/p>\n<h2><\/h2>\n<h1 style=\"text-align: center;\"><span style=\"color: #ff9900;\">Partners:<\/span><\/h1>\n<p>&nbsp;<\/p>\n<h3>Opera i Filharmonia Podlaska \u2013 Europejskie Centrum Sztuki w Bia\u0142ymstoku imienia Stanis\u0142awa Moniuszki<\/h3>\n<p><img loading=\"lazy\" decoding=\"async\" class=\"aligncenter size-large wp-image-3304\" src=\"http:\/\/promusica.org.pl\/assets\/OIFP_BLACK-1170x527.jpg\" alt=\"OIFP\" width=\"940\" height=\"423\" srcset=\"https:\/\/promusica.org.pl\/assets\/OIFP_BLACK-1170x527.jpg 1170w, https:\/\/promusica.org.pl\/assets\/OIFP_BLACK.jpg 1193w\" sizes=\"auto, (max-width: 940px) 100vw, 940px\" \/><\/p>\n<p>&nbsp;<\/p>\n<h1 style=\"text-align: center;\"><span style=\"color: #ff9900;\">Cooperation, sponsors:<\/span><\/h1>\n<h3><\/h3>\n<h3>\u00a0<img loading=\"lazy\" decoding=\"async\" class=\"  wp-image-3827 aligncenter\" src=\"http:\/\/promusica.org.pl\/assets\/logo_stag_autogas_systems_R-1170x827.jpg\" alt=\"logo_stag_autogas_systems_R\" width=\"620\" height=\"438\" \/><img loading=\"lazy\" decoding=\"async\" class=\"  wp-image-3826 aligncenter\" src=\"http:\/\/promusica.org.pl\/assets\/AC_logo_r-1111x999.jpg\" alt=\"AC_logo_r\" width=\"702\" height=\"631\" srcset=\"https:\/\/promusica.org.pl\/assets\/AC_logo_r-1111x999.jpg 1111w, https:\/\/promusica.org.pl\/assets\/AC_logo_r.jpg 1775w\" sizes=\"auto, (max-width: 702px) 100vw, 702px\" \/><\/h3>\n<h3><\/h3>\n<h3><\/h3>\n<h3><\/h3>\n<h3><\/h3>\n<h3><\/h3>\n<h3><\/h3>\n<h3><\/h3>\n<h3><\/h3>\n<h3><\/h3>\n<p>&nbsp;<\/p>\n<p>&nbsp;<\/p>\n<p>&nbsp;<\/p>\n<h3>Sportowa Szko\u0142a Podstawowa im. F. Mareckiego w Supra\u015blu<\/h3>\n<p><img loading=\"lazy\" decoding=\"async\" class=\"alignleft size-full wp-image-3361\" src=\"http:\/\/promusica.org.pl\/assets\/LOGO-SSP.png\" alt=\"LOGO SSP\" width=\"405\" height=\"324\" \/><\/p>","protected":false},"excerpt":{"rendered":"<p>&nbsp; \u00a0 &nbsp; &nbsp; II MI\u0118DZYNARODOWE LETNIE WARSZTATY ORKIESTROWE Summer Orchestra Workshop SOW\u00a02022 \u00a08-15\u00a0August 2022 Supra\u015bl, Poland &nbsp; The Foundation\u00a0&#8220;Centrum Sztuki i Kultury Pro Musica&#8221;\u00a0invites you to the second edition of\u00a0Summer\u00a0Orchestra Workshop! Let&#8217;s meet in cosy green town in Poland and\u00a0play together wonderful music! &nbsp; REGISTRATION &nbsp; &nbsp; In the\u00a0summer orchestra workshop\u00a0participants create concert wind&#8230;<\/p>\n","protected":false},"author":2,"featured_media":0,"comment_status":"closed","ping_status":"closed","sticky":false,"template":"","format":"standard","meta":{"_kad_post_transparent":"","_kad_post_title":"","_kad_post_layout":"","_kad_post_sidebar_id":"","_kad_post_content_style":"","_kad_post_vertical_padding":"","_kad_post_feature":"","_kad_post_feature_position":"","_kad_post_header":false,"_kad_post_footer":false,"footnotes":""},"categories":[1,6],"tags":[],"class_list":["post-3300","post","type-post","status-publish","format-standard","hentry","category-aktualnosci","category-warsztaty"],"yoast_head":"<!-- This site is optimized with the Yoast SEO plugin v26.4 - https:\/\/yoast.com\/wordpress\/plugins\/seo\/ -->\n<title>SOW 2022 \u2013 Summer Orchestra Workshop \u2013 II Letnie Warsztaty Orkiestrowe<\/title>\n<meta name=\"description\" content=\"Zapraszamy na SOW 2022 \u2013 Summer Orchestra Workshop! Stw\u00f3rzmy razem estradow\u0105 orkiestr\u0119 d\u0119t\u0105, kt\u00f3r\u0105 poprowadzi w\u0142oski dyrygent Andrea Loss!\" \/>\n<meta name=\"robots\" content=\"index, follow, max-snippet:-1, max-image-preview:large, max-video-preview:-1\" \/>\n<link rel=\"canonical\" href=\"https:\/\/promusica.org.pl\/en\/sow-2022\/\" \/>\n<meta property=\"og:locale\" content=\"en_US\" \/>\n<meta property=\"og:type\" content=\"article\" \/>\n<meta property=\"og:title\" content=\"SOW 2022 \u2013 Summer Orchestra Workshop \u2013 II Letnie Warsztaty Orkiestrowe\" \/>\n<meta property=\"og:description\" content=\"Zapraszamy na SOW 2022 \u2013 Summer Orchestra Workshop! Stw\u00f3rzmy razem estradow\u0105 orkiestr\u0119 d\u0119t\u0105, kt\u00f3r\u0105 poprowadzi w\u0142oski dyrygent Andrea Loss!\" \/>\n<meta property=\"og:url\" content=\"https:\/\/promusica.org.pl\/en\/sow-2022\/\" \/>\n<meta property=\"og:site_name\" content=\"Pro Musica\" \/>\n<meta property=\"article:published_time\" content=\"2022-06-01T14:50:24+00:00\" \/>\n<meta property=\"article:modified_time\" content=\"2023-07-10T18:49:34+00:00\" \/>\n<meta property=\"og:image\" content=\"http:\/\/promusica.org.pl\/assets\/SOW-2022-tlo-1170x659.jpg\" \/>\n<meta name=\"author\" content=\"przemyslaw\" \/>\n<meta name=\"twitter:label1\" content=\"Written by\" \/>\n\t<meta name=\"twitter:data1\" content=\"przemyslaw\" \/>\n\t<meta name=\"twitter:label2\" content=\"Est. reading time\" \/>\n\t<meta name=\"twitter:data2\" content=\"5 minutes\" \/>\n<script type=\"application\/ld+json\" class=\"yoast-schema-graph\">{\"@context\":\"https:\/\/schema.org\",\"@graph\":[{\"@type\":\"Article\",\"@id\":\"https:\/\/promusica.org.pl\/sow-2022\/#article\",\"isPartOf\":{\"@id\":\"https:\/\/promusica.org.pl\/sow-2022\/\"},\"author\":{\"name\":\"przemyslaw\",\"@id\":\"https:\/\/promusica.org.pl\/#\/schema\/person\/57957e366ecf2fe128d37c126e107571\"},\"headline\":\"SOW 2022 \u2013 II Summer Orchestra Workshop\",\"datePublished\":\"2022-06-01T14:50:24+00:00\",\"dateModified\":\"2023-07-10T18:49:34+00:00\",\"mainEntityOfPage\":{\"@id\":\"https:\/\/promusica.org.pl\/sow-2022\/\"},\"wordCount\":959,\"publisher\":{\"@id\":\"https:\/\/promusica.org.pl\/#organization\"},\"image\":{\"@id\":\"https:\/\/promusica.org.pl\/sow-2022\/#primaryimage\"},\"thumbnailUrl\":\"http:\/\/promusica.org.pl\/assets\/SOW-2022-tlo-1170x659.jpg\",\"articleSection\":[\"Aktualno\u015bci\",\"Warsztaty\"],\"inLanguage\":\"en-US\"},{\"@type\":\"WebPage\",\"@id\":\"https:\/\/promusica.org.pl\/en\/sow-2022\/\",\"url\":\"https:\/\/promusica.org.pl\/en\/sow-2022\/\",\"name\":\"SOW 2022 \u2013 Summer Orchestra Workshop \u2013 II Letnie Warsztaty Orkiestrowe\",\"isPartOf\":{\"@id\":\"https:\/\/promusica.org.pl\/en\/#website\"},\"primaryImageOfPage\":{\"@id\":\"https:\/\/promusica.org.pl\/en\/sow-2022\/#primaryimage\"},\"image\":{\"@id\":\"https:\/\/promusica.org.pl\/sow-2022\/#primaryimage\"},\"thumbnailUrl\":\"http:\/\/promusica.org.pl\/assets\/SOW-2022-tlo-1170x659.jpg\",\"datePublished\":\"2022-06-01T14:50:24+00:00\",\"dateModified\":\"2023-07-10T18:49:34+00:00\",\"description\":\"Zapraszamy na SOW 2022 \u2013 Summer Orchestra Workshop! Stw\u00f3rzmy razem estradow\u0105 orkiestr\u0119 d\u0119t\u0105, kt\u00f3r\u0105 poprowadzi w\u0142oski dyrygent Andrea Loss!\",\"breadcrumb\":{\"@id\":\"https:\/\/promusica.org.pl\/en\/sow-2022\/#breadcrumb\"},\"inLanguage\":\"en-US\",\"potentialAction\":[{\"@type\":\"ReadAction\",\"target\":[[\"https:\/\/promusica.org.pl\/en\/sow-2022\/\"]]}]},{\"@type\":\"ImageObject\",\"inLanguage\":\"en-US\",\"@id\":\"https:\/\/promusica.org.pl\/en\/sow-2022\/#primaryimage\",\"url\":\"http:\/\/promusica.org.pl\/assets\/SOW-2022-tlo-1170x659.jpg\",\"contentUrl\":\"http:\/\/promusica.org.pl\/assets\/SOW-2022-tlo-1170x659.jpg\"},{\"@type\":\"BreadcrumbList\",\"@id\":\"https:\/\/promusica.org.pl\/en\/sow-2022\/#breadcrumb\",\"itemListElement\":[{\"@type\":\"ListItem\",\"position\":1,\"name\":\"Strona g\u0142\u00f3wna\",\"item\":\"https:\/\/promusica.org.pl\/en\/\"},{\"@type\":\"ListItem\",\"position\":2,\"name\":\"SOW 2022 \u2013 II Letnie Warsztaty Orkiestrowe\"}]},{\"@type\":\"WebSite\",\"@id\":\"https:\/\/promusica.org.pl\/en\/#website\",\"url\":\"https:\/\/promusica.org.pl\/en\/\",\"name\":\"Pro Musica\",\"description\":\"warsztaty muzyczne, warsztaty orkiestrowe, konkurs na instrumenty solo\",\"publisher\":{\"@id\":\"https:\/\/promusica.org.pl\/en\/#organization\"},\"potentialAction\":[{\"@type\":\"SearchAction\",\"target\":{\"@type\":\"EntryPoint\",\"urlTemplate\":\"https:\/\/promusica.org.pl\/en\/?s={search_term_string}\"},\"query-input\":{\"@type\":\"PropertyValueSpecification\",\"valueRequired\":true,\"valueName\":\"search_term_string\"}}],\"inLanguage\":\"en-US\"},{\"@type\":\"Organization\",\"@id\":\"https:\/\/promusica.org.pl\/en\/#organization\",\"name\":\"Pro Musica\",\"url\":\"https:\/\/promusica.org.pl\/en\/\",\"logo\":{\"@type\":\"ImageObject\",\"inLanguage\":\"en-US\",\"@id\":\"https:\/\/promusica.org.pl\/en\/#\/schema\/logo\/image\/\",\"url\":\"https:\/\/promusica.org.pl\/assets\/cropped-logo.jpg\",\"contentUrl\":\"https:\/\/promusica.org.pl\/assets\/cropped-logo.jpg\",\"width\":239,\"height\":95,\"caption\":\"Pro Musica\"},\"image\":{\"@id\":\"https:\/\/promusica.org.pl\/en\/#\/schema\/logo\/image\/\"}},{\"@type\":\"Person\",\"@id\":\"https:\/\/promusica.org.pl\/#\/schema\/person\/57957e366ecf2fe128d37c126e107571\",\"name\":\"przemyslaw\",\"url\":\"https:\/\/promusica.org.pl\/en\/author\/przemyslaw_admin\/\"}]}<\/script>\n<!-- \/ Yoast SEO plugin. -->","yoast_head_json":{"title":"SOW 2022 \u2013 Summer Orchestra Workshop \u2013 II Letnie Warsztaty Orkiestrowe","description":"Zapraszamy na SOW 2022 \u2013 Summer Orchestra Workshop! Stw\u00f3rzmy razem estradow\u0105 orkiestr\u0119 d\u0119t\u0105, kt\u00f3r\u0105 poprowadzi w\u0142oski dyrygent Andrea Loss!","robots":{"index":"index","follow":"follow","max-snippet":"max-snippet:-1","max-image-preview":"max-image-preview:large","max-video-preview":"max-video-preview:-1"},"canonical":"https:\/\/promusica.org.pl\/en\/sow-2022\/","og_locale":"en_US","og_type":"article","og_title":"SOW 2022 \u2013 Summer Orchestra Workshop \u2013 II Letnie Warsztaty Orkiestrowe","og_description":"Zapraszamy na SOW 2022 \u2013 Summer Orchestra Workshop! Stw\u00f3rzmy razem estradow\u0105 orkiestr\u0119 d\u0119t\u0105, kt\u00f3r\u0105 poprowadzi w\u0142oski dyrygent Andrea Loss!","og_url":"https:\/\/promusica.org.pl\/en\/sow-2022\/","og_site_name":"Pro Musica","article_published_time":"2022-06-01T14:50:24+00:00","article_modified_time":"2023-07-10T18:49:34+00:00","og_image":[{"url":"http:\/\/promusica.org.pl\/assets\/SOW-2022-tlo-1170x659.jpg","type":"","width":"","height":""}],"author":"przemyslaw","twitter_misc":{"Written by":"przemyslaw","Est. reading time":"5 minutes"},"schema":{"@context":"https:\/\/schema.org","@graph":[{"@type":"Article","@id":"https:\/\/promusica.org.pl\/sow-2022\/#article","isPartOf":{"@id":"https:\/\/promusica.org.pl\/sow-2022\/"},"author":{"name":"przemyslaw","@id":"https:\/\/promusica.org.pl\/#\/schema\/person\/57957e366ecf2fe128d37c126e107571"},"headline":"SOW 2022 \u2013 II Summer Orchestra Workshop","datePublished":"2022-06-01T14:50:24+00:00","dateModified":"2023-07-10T18:49:34+00:00","mainEntityOfPage":{"@id":"https:\/\/promusica.org.pl\/sow-2022\/"},"wordCount":959,"publisher":{"@id":"https:\/\/promusica.org.pl\/#organization"},"image":{"@id":"https:\/\/promusica.org.pl\/sow-2022\/#primaryimage"},"thumbnailUrl":"http:\/\/promusica.org.pl\/assets\/SOW-2022-tlo-1170x659.jpg","articleSection":["Aktualno\u015bci","Warsztaty"],"inLanguage":"en-US"},{"@type":"WebPage","@id":"https:\/\/promusica.org.pl\/en\/sow-2022\/","url":"https:\/\/promusica.org.pl\/en\/sow-2022\/","name":"SOW 2022 \u2013 Summer Orchestra Workshop \u2013 II Letnie Warsztaty Orkiestrowe","isPartOf":{"@id":"https:\/\/promusica.org.pl\/en\/#website"},"primaryImageOfPage":{"@id":"https:\/\/promusica.org.pl\/en\/sow-2022\/#primaryimage"},"image":{"@id":"https:\/\/promusica.org.pl\/sow-2022\/#primaryimage"},"thumbnailUrl":"http:\/\/promusica.org.pl\/assets\/SOW-2022-tlo-1170x659.jpg","datePublished":"2022-06-01T14:50:24+00:00","dateModified":"2023-07-10T18:49:34+00:00","description":"Zapraszamy na SOW 2022 \u2013 Summer Orchestra Workshop! Stw\u00f3rzmy razem estradow\u0105 orkiestr\u0119 d\u0119t\u0105, kt\u00f3r\u0105 poprowadzi w\u0142oski dyrygent Andrea Loss!","breadcrumb":{"@id":"https:\/\/promusica.org.pl\/en\/sow-2022\/#breadcrumb"},"inLanguage":"en-US","potentialAction":[{"@type":"ReadAction","target":[["https:\/\/promusica.org.pl\/en\/sow-2022\/"]]}]},{"@type":"ImageObject","inLanguage":"en-US","@id":"https:\/\/promusica.org.pl\/en\/sow-2022\/#primaryimage","url":"http:\/\/promusica.org.pl\/assets\/SOW-2022-tlo-1170x659.jpg","contentUrl":"http:\/\/promusica.org.pl\/assets\/SOW-2022-tlo-1170x659.jpg"},{"@type":"BreadcrumbList","@id":"https:\/\/promusica.org.pl\/en\/sow-2022\/#breadcrumb","itemListElement":[{"@type":"ListItem","position":1,"name":"Strona g\u0142\u00f3wna","item":"https:\/\/promusica.org.pl\/en\/"},{"@type":"ListItem","position":2,"name":"SOW 2022 \u2013 II Letnie Warsztaty Orkiestrowe"}]},{"@type":"WebSite","@id":"https:\/\/promusica.org.pl\/en\/#website","url":"https:\/\/promusica.org.pl\/en\/","name":"Pro Musica","description":"warsztaty muzyczne, warsztaty orkiestrowe, konkurs na instrumenty solo","publisher":{"@id":"https:\/\/promusica.org.pl\/en\/#organization"},"potentialAction":[{"@type":"SearchAction","target":{"@type":"EntryPoint","urlTemplate":"https:\/\/promusica.org.pl\/en\/?s={search_term_string}"},"query-input":{"@type":"PropertyValueSpecification","valueRequired":true,"valueName":"search_term_string"}}],"inLanguage":"en-US"},{"@type":"Organization","@id":"https:\/\/promusica.org.pl\/en\/#organization","name":"Pro Musica","url":"https:\/\/promusica.org.pl\/en\/","logo":{"@type":"ImageObject","inLanguage":"en-US","@id":"https:\/\/promusica.org.pl\/en\/#\/schema\/logo\/image\/","url":"https:\/\/promusica.org.pl\/assets\/cropped-logo.jpg","contentUrl":"https:\/\/promusica.org.pl\/assets\/cropped-logo.jpg","width":239,"height":95,"caption":"Pro Musica"},"image":{"@id":"https:\/\/promusica.org.pl\/en\/#\/schema\/logo\/image\/"}},{"@type":"Person","@id":"https:\/\/promusica.org.pl\/#\/schema\/person\/57957e366ecf2fe128d37c126e107571","name":"przemyslaw","url":"https:\/\/promusica.org.pl\/en\/author\/przemyslaw_admin\/"}]}},"_links":{"self":[{"href":"https:\/\/promusica.org.pl\/en\/wp-json\/wp\/v2\/posts\/3300","targetHints":{"allow":["GET"]}}],"collection":[{"href":"https:\/\/promusica.org.pl\/en\/wp-json\/wp\/v2\/posts"}],"about":[{"href":"https:\/\/promusica.org.pl\/en\/wp-json\/wp\/v2\/types\/post"}],"author":[{"embeddable":true,"href":"https:\/\/promusica.org.pl\/en\/wp-json\/wp\/v2\/users\/2"}],"replies":[{"embeddable":true,"href":"https:\/\/promusica.org.pl\/en\/wp-json\/wp\/v2\/comments?post=3300"}],"version-history":[{"count":10,"href":"https:\/\/promusica.org.pl\/en\/wp-json\/wp\/v2\/posts\/3300\/revisions"}],"predecessor-version":[{"id":3828,"href":"https:\/\/promusica.org.pl\/en\/wp-json\/wp\/v2\/posts\/3300\/revisions\/3828"}],"wp:attachment":[{"href":"https:\/\/promusica.org.pl\/en\/wp-json\/wp\/v2\/media?parent=3300"}],"wp:term":[{"taxonomy":"category","embeddable":true,"href":"https:\/\/promusica.org.pl\/en\/wp-json\/wp\/v2\/categories?post=3300"},{"taxonomy":"post_tag","embeddable":true,"href":"https:\/\/promusica.org.pl\/en\/wp-json\/wp\/v2\/tags?post=3300"}],"curies":[{"name":"wp","href":"https:\/\/api.w.org\/{rel}","templated":true}]}}